{"id":42352,"date":"2024-10-07T13:07:21","date_gmt":"2024-10-07T13:07:21","guid":{"rendered":"https:\/\/bluegemsaba-ols-test.bycws.com\/which-autism-makes-you-smart\/"},"modified":"2026-08-25T22:27:27","modified_gmt":"2026-08-25T22:27:27","slug":"which-autism-makes-you-smart","status":"publish","type":"post","link":"https:\/\/bluegemsaba-ols-test.bycws.com\/es\/which-autism-makes-you-smart\/","title":{"rendered":"\u00bfQu\u00e9 autismo te hace inteligente?"},"content":{"rendered":"<section class=\"wp-block-group\"><div class=\"wp-block-group__inner-container is-layout-constrained wp-block-group-is-layout-constrained\">\n<p class=\"wp-block-paragraph\">En los \u00faltimos a\u00f1os se ha investigado mucho sobre la conexi\u00f3n entre el trastorno del espectro autista (<span style=\"text-decoration: underline;\"><a href=\"https:\/\/bluegemsaba-ols-test.bycws.com\/es\/autism-spectrum-disorder-asd\/\">ASD<\/a><\/span>) y la inteligencia. Aunque todav\u00eda quedan muchas preguntas sin respuesta, tambi\u00e9n se ha aprendido mucho.<\/p>\n\n\n\n<p class=\"wp-block-paragraph\">De hecho, algunos estudios sugieren que existe una correlaci\u00f3n positiva <span style=\"text-decoration: underline;\"><a href=\"https:\/\/bluegemsaba-ols-test.bycws.com\/es\/is-autism-genetic\/\">gen\u00e9ticamente<\/a><\/span> entre el riesgo de desarrollar autismo y la capacidad mental de una persona. Esto significar\u00eda que los genes m\u00e1s asociados al TEA podr\u00edan solaparse con los genes m\u00e1s asociados a ser muy inteligente.<a href=\"#reference1\"><sup><u>1<\/u><\/sup><\/a><\/p>\n\n\n\n<p class=\"wp-block-paragraph\">Estos mismos estudios han sugerido que algunos de los componentes b\u00e1sicos del TEA podr\u00edan, como resultado, implicar elementos de inteligencia potenciados que est\u00e1n desequilibrados.<\/p>\n\n\n\n<p class=\"wp-block-paragraph\">Aunque por el momento estos estudios no se han aceptado como un hecho m\u00e9dico puro, es interesante observar la correlaci\u00f3n entre inteligencia y autismo.<\/p>\n\n\n\n<p class=\"wp-block-paragraph\">Al mismo tiempo, el autismo es un trastorno del neurodesarrollo muy diverso y complejo que afecta a cada individuo de forma diferente. El comportamiento o la inteligencia de una persona pueden ser radicalmente distintos de los de otra.<a href=\"#reference2\"><sup><u>2<\/u><\/sup><\/a><\/p>\n\n\n\n<p class=\"wp-block-paragraph\">Esto hace que mucha gente se pregunte qu\u00e9 autismo te hace inteligente. A continuaci\u00f3n, analizamos tres de los tipos m\u00e1s comunes de TEA y su relaci\u00f3n con la inteligencia.<\/p>\n\n\n\n<!-- Key Takeaways -->\n<div id=\"key-takeaways\" style=\"margin: 28px 0; padding: 22px 24px; background-color: #f6f9fc; border: 1px solid #d9e2ef; border-left: 5px solid #0f2c5a; border-radius: 12px; font-family: Arial, sans-serif; color: #263238; text-align: left; word-wrap: break-word; white-space: normal; max-width: 100%;\">\n  <h2 style=\"margin: 0 0 16px 0; color: #0f2c5a; font-size: 24px; line-height: 1.3; text-align: left;\">Principales conclusiones<\/h2>\n  <ul style=\"margin: 0; padding-left: 22px; line-height: 1.7;\">\n    <li style=\"margin-bottom: 10px; padding-left: 4px;\">El autismo no determina la inteligencia de una persona. Las capacidades intelectuales pueden variar significativamente de un individuo en el espectro a otro.<a href=\"#reference3\"><sup><u>3<\/u><\/sup><\/a><\/li>\n    <li style=\"margin-bottom: 10px; padding-left: 4px;\">Algunos ni\u00f1os autistas pueden demostrar fortalezas particulares a trav\u00e9s de talentos especializados, un profundo conocimiento de temas preferidos, una s\u00f3lida memoria o el aprendizaje visual.<\/li>\n    <li style=\"margin-bottom: 10px; padding-left: 4px;\">Un ni\u00f1o puede demostrar una capacidad excepcional en un \u00e1rea mientras experimenta desaf\u00edos en otra, lo que hace que las fortalezas y necesidades individuales sean especialmente importantes.<\/li>\n    <li style=\"margin-bottom: 0; padding-left: 4px;\">La terapia ABA puede centrarse en las fortalezas y los desaf\u00edos individuales de cada ni\u00f1o, a la vez que apoya las habilidades de comunicaci\u00f3n, sociales y de la vida diaria.<\/li>\n  <\/ul>\n<\/div>\n\n\n\n<div class=\"wp-block-group\"><div class=\"wp-block-group__inner-container is-layout-constrained wp-block-group-is-layout-constrained\">\n<h2 id=\"h-asperger-s-syndrome\" class=\"wp-block-heading\"><strong>S\u00edndrome de Asperger<\/strong><\/h2>\n\n\n\n<p class=\"wp-block-paragraph\"><a href=\"https:\/\/bluegemsaba-ols-test.bycws.com\/es\/is-aspergers-autism\/\"><span style=\"text-decoration: underline;\">S\u00edndrome de Asperger<\/span><\/a> suele considerarse una de las formas m\u00e1s leves de TEA. A veces, incluso se denomina autismo de alto funcionamiento.<\/p>\n\n\n<div class=\"wp-block-image\">\n<figure class=\"aligncenter size-full\"><img fetchpriority=\"high\" decoding=\"async\" width=\"600\" height=\"375\" src=\"https:\/\/bluegemsaba-ols-test.bycws.com\/wp-content\/uploads\/2024\/10\/Which-Autism-Makes-You-Smart-Quote-Image.png\" alt=\"\" class=\"wp-image-46306\" srcset=\"https:\/\/bluegemsaba-ols-test.bycws.com\/wp-content\/uploads\/2024\/10\/Which-Autism-Makes-You-Smart-Quote-Image.png 600w, https:\/\/bluegemsaba-ols-test.bycws.com\/wp-content\/uploads\/2024\/10\/Which-Autism-Makes-You-Smart-Quote-Image-300x188.png 300w, https:\/\/bluegemsaba-ols-test.bycws.com\/wp-content\/uploads\/2024\/10\/Which-Autism-Makes-You-Smart-Quote-Image-18x11.png 18w\" sizes=\"(max-width: 600px) 100vw, 600px\" \/><\/figure>\n<\/div>\n\n\n<p class=\"wp-block-paragraph\">Las personas a las que se les diagnostica s\u00edndrome de Asperger suelen presentar niveles de inteligencia superiores al promedio.<a href=\"#reference5\"><sup><u>5<\/u><\/sup><\/a>. Algunos son muy inteligentes y se destacan en las habilidades verbales. Es posible que sepan mucho sobre temas o intereses espec\u00edficos y sean capaces de recitar datos al respecto.<\/p>\n\n\n\n<p class=\"wp-block-paragraph\">Al mismo tiempo, las personas en este extremo del espectro autista suelen enfrentar desaf\u00edos de comunicaci\u00f3n social. Es posible que tengan dificultades para comprender las normas sociales, el lenguaje corporal y otras se\u00f1ales de comunicaci\u00f3n no verbal, todo lo cual representa barreras para relacionarse con sus pares.<\/p>\n\n\n\n<p class=\"wp-block-paragraph\"><em><span style=\"text-decoration: underline;\"><a href=\"https:\/\/bluegemsaba-ols-test.bycws.com\/es\/aspergers-symptoms\/\">M\u00e1s informaci\u00f3n sobre los s\u00edntomas del Asperger<\/a><\/span><\/em><\/p>\n\n\n\n<p class=\"wp-block-paragraph\">Dado que las personas con s\u00edndrome de Asperger suelen desenvolverse bastante bien en las tareas cotidianas, a veces se les diagnostica err\u00f3neamente o incluso se pasa por alto el diagn\u00f3stico de TEA.<\/p>\n<\/div><\/div>\n\n\n\n<div class=\"wp-block-group\"><div class=\"wp-block-group__inner-container is-layout-constrained wp-block-group-is-layout-constrained\">\n<!-- Main Comparison Table -->\n<div style=\"overflow-x: auto; display: block; max-width: 100%; margin: 24px 0; border-radius: 12px;\">\n  <table style=\"width: 100%; max-width: 100%; border-collapse: separate; border-spacing: 0; border: 1px solid #d9e2ef; border-radius: 12px; overflow: hidden; font-family: Arial, sans-serif; font-size: 16px; line-height: 1.6; color: #263238; text-align: left; word-wrap: break-word; white-space: normal;\">\n    <thead>\n      <tr style=\"background-color: #0f2c5a; color: #ffffff;\">\n        <th style=\"background-color: #0f2c5a; color: #ffffff; padding: 16px 18px; text-align: left; vertical-align: top; word-wrap: break-word; white-space: normal; max-width: 100%;\">Tipo de TEA<\/th>\n        <th style=\"background-color: #0f2c5a; color: #ffffff; padding: 16px 18px; text-align: left; vertical-align: top; word-wrap: break-word; white-space: normal; max-width: 100%;\">Caracter\u00edsticas intelectuales<\/th>\n      <\/tr>\n    <\/thead>\n    <tbody>\n      <tr style=\"background-color: #ffffff;\">\n        <td style=\"padding: 16px 18px; border-bottom: 1px solid #d9e2ef; vertical-align: top; font-weight: 600; word-wrap: break-word; white-space: normal; max-width: 100%;\">S\u00edndrome de Asperger (autismo de alto funcionamiento)<\/td>\n        <td style=\"padding: 16px 18px; border-bottom: 1px solid #d9e2ef; vertical-align: top; word-wrap: break-word; white-space: normal; max-width: 100%;\">A menudo asociado en el art\u00edculo con una inteligencia promedio o superior a la media, particularmente en habilidades verbales y un profundo conocimiento de intereses espec\u00edficos. La comunicaci\u00f3n social y la comprensi\u00f3n de las se\u00f1ales no verbales a\u00fan pueden representar un desaf\u00edo.<\/td>\n      <\/tr>\n      <tr style=\"background-color: #f6f9fc;\">\n        <td style=\"padding: 16px 18px; border-bottom: 1px solid #d9e2ef; vertical-align: top; font-weight: 600; word-wrap: break-word; white-space: normal; max-width: 100%;\">Trastorno autista (s\u00edndrome de Kanner)<\/td>\n        <td style=\"padding: 16px 18px; border-bottom: 1px solid #d9e2ef; vertical-align: top; word-wrap: break-word; white-space: normal; max-width: 100%;\">Las capacidades intelectuales pueden variar significativamente. Algunas personas pueden desarrollar un conocimiento extenso en \u00e1reas de inter\u00e9s espec\u00edficas mientras experimentan desaf\u00edos o retrasos en otras \u00e1reas.<\/td>\n      <\/tr>\n      <tr style=\"background-color: #ffffff;\">\n        <td style=\"padding: 16px 18px; vertical-align: top; font-weight: 600; word-wrap: break-word; white-space: normal; max-width: 100%;\">Trastorno Generalizado del Desarrollo No Especificado (TGD-NE)<\/td>\n        <td style=\"padding: 16px 18px; vertical-align: top; word-wrap: break-word; white-space: normal; max-width: 100%;\">Las capacidades intelectuales var\u00edan ampliamente. Algunos ni\u00f1os pueden demostrar habilidades superiores al promedio en ciertas \u00e1reas, mientras que otros pueden experimentar desaf\u00edos de desarrollo m\u00e1s significativos.<\/td>\n      <\/tr>\n    <\/tbody>\n  <\/table>\n<\/div>\n\n\n\n<h2 id=\"h-autistic-disorder\" class=\"wp-block-heading\"><strong>Trastorno autista<\/strong><\/h2>\n\n\n\n<p class=\"wp-block-paragraph\">En el otro extremo del espectro est\u00e1 <span style=\"text-decoration: underline;\"><a href=\"https:\/\/bluegemsaba-ols-test.bycws.com\/es\/autistic-disorder\/\">Trastorno autista<\/a><\/span>que a veces se denomina trastorno autista cl\u00e1sico o s\u00edndrome de Kanner. Suele considerarse un nivel m\u00e1s grave de TEA que los dem\u00e1s tipos.<\/p>\n\n\n\n<p class=\"wp-block-paragraph\">Las personas con trastorno autista pueden ser muy inteligentes, aunque sus capacidades intelectuales pueden variar considerablemente. Al igual que otras formas de TEA, los individuos con Trastorno Autista pueden mostrar un inter\u00e9s intenso por una cantidad limitada de temas, y saber mucho sobre esos temas.<\/p>\n\n\n\n<p class=\"wp-block-paragraph\">Al mismo tiempo, pueden carecer de conocimientos t\u00edpicos o de intelecto sobre temas que quedan fuera de sus intereses.<\/p>\n<\/div><\/div>\n\n\n\n<div class=\"wp-block-group\"><div class=\"wp-block-group__inner-container is-layout-constrained wp-block-group-is-layout-constrained\">\n<h2 id=\"h-pervasive-developmental-disorder-not-otherwise-specified\" class=\"wp-block-heading\"><strong>Trastorno generalizado del desarrollo no especificado<\/strong><\/h2>\n\n\n\n<p class=\"wp-block-paragraph\"><span style=\"text-decoration: underline;\"><a href=\"https:\/\/bluegemsaba-ols-test.bycws.com\/es\/pervasive-developmental-disorder-not-otherwise-specified-pdd-nos\/\">Trastorno generalizado del desarrollo no especificado<\/a><\/span>, m\u00e1s com\u00fanmente denominado PDD-NOS, se sit\u00faa en el rango medio del espectro autista. Se suele considerar que los ni\u00f1os a los que se les diagnostica presentan una forma m\u00e1s grave que los que padecen s\u00edndrome de Asperger, pero menos grave que los que padecen trastorno autista.<a href=\"#reference4\"><sup><u>4<\/u><\/sup><\/a><\/p>\n\n\n\n<p class=\"wp-block-paragraph\">Debido a esto, los ni\u00f1os diagnosticados con trastorno generalizado del desarrollo no especificado de otro modo pueden manifestar una amplia gama de conductas y capacidades intelectuales.<a href=\"#reference4\"><sup><u>4<\/u><\/sup><\/a>. Algunos de los que se sit\u00faan en el extremo inferior del rango podr\u00edan mostrar una inteligencia superior a la media, similar a la de los ni\u00f1os con s\u00edndrome de Asperger, mientras que otros podr\u00edan no hacerlo.<\/p>\n<\/div><\/div>\n\n\n\n<div class=\"wp-block-group\"><div class=\"wp-block-group__inner-container is-layout-constrained wp-block-group-is-layout-constrained\">\n<h2 id=\"h-how-does-intelligence-manifest-itself-in-children-with-asd\" class=\"wp-block-heading\"><strong>\u00bfC\u00f3mo se manifiesta la inteligencia en los ni\u00f1os con TEA?<\/strong><\/h2>\n\n\n\n<p class=\"wp-block-paragraph\">Otro aspecto importante de la inteligencia en los ni\u00f1os con TEA es c\u00f3mo se manifiesta. Debido a las formas \u00fanicas en que el autismo afecta a los ni\u00f1os, su inteligencia tambi\u00e9n puede parecer diferente a la de los ni\u00f1os neurot\u00edpicos.<\/p>\n\n\n\n<p class=\"wp-block-paragraph\">Como tales, pueden mostrar inteligencia de las siguientes maneras ...<\/p>\n\n\n\n<ul class=\"wp-block-list\">\n<li><strong>Talentos especializados<\/strong>: Los ni\u00f1os del espectro autista pueden mostrar talentos especializados o habilidades que est\u00e1n por encima de las de una persona t\u00edpica. <span style=\"text-decoration: underline;\"><a href=\"https:\/\/bluegemsaba-ols-test.bycws.com\/es\/specialized-talents-and-autism\/\">M\u00e1s informaci\u00f3n sobre los talentos especializados que pueden mostrar las personas con autismo<\/a><\/span><\/li>\n\n\n\n<li><strong>Hiperfocalizado<\/strong>Como se mencion\u00f3, las \u00e1reas de inter\u00e9s de los ni\u00f1os con autismo suelen centrarse en un n\u00famero reducido de cosas. Como consecuencia, es posible que profundicen en estos intereses m\u00e1s que otras personas.<a href=\"#reference6\"><sup><u>6<\/u><\/sup><\/a>. <span style=\"text-decoration: underline;\"><a href=\"https:\/\/bluegemsaba-ols-test.bycws.com\/es\/hyperfocus-and-autism\/\">M\u00e1s informaci\u00f3n sobre la relaci\u00f3n entre hiperfijaci\u00f3n y autismo<\/a><\/span><\/li>\n\n\n\n<li><strong>Gran recuerdo<\/strong>: Muchos ni\u00f1os del espectro autista tienen una gran capacidad para recordar informaci\u00f3n detallada, incluso durante largos periodos de tiempo. <span style=\"text-decoration: underline;\"><a href=\"https:\/\/bluegemsaba-ols-test.bycws.com\/es\/autism-memory\/\">M\u00e1s informaci\u00f3n sobre la capacidad de memoria de las personas con autismo<\/a><\/span><\/li>\n\n\n\n<li><strong>Estudiantes visuales<\/strong>: Hay muchos tipos de aprendizaje, y los ni\u00f1os autistas suelen destacar por ser aprendices visuales. Esto les lleva a destacar en materias espec\u00edficas que dependen m\u00e1s de las ayudas visuales que otras. <span style=\"text-decoration: underline;\"><a href=\"https:\/\/bluegemsaba-ols-test.bycws.com\/es\/visual-learning-and-autism\/\">M\u00e1s informaci\u00f3n sobre el aprendizaje visual en el autismo<\/a><\/span><\/li>\n<\/ul>\n<\/div><\/div>\n\n\n\n<div class=\"wp-block-group\"><div class=\"wp-block-group__inner-container is-layout-constrained wp-block-group-is-layout-constrained\">\n<h2 id=\"h-blue-gems-aba-helps-children-on-the-autism-spectrum-develop-skills\" class=\"wp-block-heading\"><strong>Blue Gems ABA ayuda a los ni\u00f1os con espectro autista a desarrollar habilidades<\/strong><\/h2>\n\n\n\n<p class=\"wp-block-paragraph\">Todos los ni\u00f1os del espectro autista son inteligentes. Algunos incluso muestran una capacidad intelectual excepcional, sobre todo en determinados temas o materias.<\/p>\n\n\n\n<p class=\"wp-block-paragraph\">Al igual que todos los dem\u00e1s aspectos del autismo, las capacidades intelectuales pueden variar considerablemente de un individuo a otro.<a href=\"#reference7\"><sup><u>7<\/u><\/sup><\/a>. Por eso es tan importante tratar a cada ni\u00f1o como un individuo \u00fanico y ayudar a apoyarlo de la mejor manera posible.<a href=\"#reference8\"><sup><u>8<\/u><\/sup><\/a>.<\/p>\n\n\n\n<p class=\"wp-block-paragraph\">En <span style=\"text-decoration: underline;\"><a href=\"https:\/\/bluegemsaba-ols-test.bycws.com\/es\/\">Blue Gems ABA<\/a><\/span>, administramos terapia de an\u00e1lisis aplicado de conducta, o ABA, a ni\u00f1os dentro del espectro autista. Nuestros analistas de conducta certificados (BCBA) con amplia experiencia elaboran un plan de tratamiento personalizado para cada ni\u00f1o, ayud\u00e1ndoles a desarrollar las habilidades de comunicaci\u00f3n, sociales y de la vida diaria que necesitan, bas\u00e1ndose en sus propios desaf\u00edos y fortalezas individuales.<\/p>\n\n\n\n<p class=\"wp-block-paragraph\">Para m\u00e1s informaci\u00f3n <a href=\"https:\/\/bluegemsaba-ols-test.bycws.com\/es\/contact\/\"><span style=\"text-decoration: underline;\">Cont\u00e1ctenos<\/span><\/a> Hoy.<\/p>\n\n\n\n<!-- FAQ Section -->\n<div id=\"faqs\" style=\"margin: 28px 0; padding: 22px 24px; background-color: #ffffff; border: 1px solid #d9e2ef; border-radius: 12px; font-family: Arial, sans-serif; color: #263238; text-align: left; word-wrap: break-word; white-space: normal; max-width: 100%;\">\n  <h2 style=\"margin: 0 0 20px 0; padding: 14px 16px; background-color: #0f2c5a; color: #ffffff; border-radius: 8px; font-size: 24px; line-height: 1.3; text-align: left;\">Preguntas frecuentes<\/h2>\n\n  <div style=\"padding: 0 2px 16px 2px; margin-bottom: 16px; border-bottom: 1px solid #d9e2ef;\">\n    <h3 style=\"margin: 0 0 8px 0; color: #0f2c5a; font-size: 18px; line-height: 1.4;\">\u00bfUn determinado tipo de autismo vuelve a alguien m\u00e1s inteligente?<\/h3>\n    <p style=\"margin: 0; line-height: 1.7;\">Ning\u00fan tipo espec\u00edfico de autismo hace que una persona sea inherentemente m\u00e1s inteligente. La capacidad intelectual var\u00eda ampliamente entre los individuos dentro del espectro autista.<\/p>\n  <\/div>\n\n  <div style=\"padding: 0 2px 16px 2px; margin-bottom: 16px; border-bottom: 1px solid #d9e2ef;\">\n    <h3 style=\"margin: 0 0 8px 0; color: #0f2c5a; font-size: 18px; line-height: 1.4;\">\u00bfPuede una persona autista tener un coeficiente intelectual alto?<\/h3>\n    <p style=\"margin: 0; line-height: 1.7;\">S\u00ed. Las personas autistas pueden presentar una amplia gama de capacidades intelectuales, incluyendo una inteligencia promedio y superior al promedio.<\/p>\n  <\/div>\n\n  <div style=\"padding: 0 2px 16px 2px; margin-bottom: 16px; border-bottom: 1px solid #d9e2ef;\">\n    <h3 style=\"margin: 0 0 8px 0; color: #0f2c5a; font-size: 18px; line-height: 1.4;\">\u00bfPuede una persona ser altamente competente en un \u00e1rea pero tener dificultades en otra?<\/h3>\n    <p style=\"margin: 0; line-height: 1.7;\">S\u00ed. Las fortalezas intelectuales y del desarrollo pueden ser desiguales, por lo que pueden existir habilidades s\u00f3lidas en \u00e1reas como la memoria o el conocimiento especializado junto con desaf\u00edos en otras \u00e1reas.<\/p>\n  <\/div>\n\n  <div style=\"padding: 0 2px 16px 2px; margin-bottom: 16px; border-bottom: 1px solid #d9e2ef;\">\n    <h3 style=\"margin: 0 0 8px 0; color: #0f2c5a; font-size: 18px; line-height: 1.4;\">\u00bfQu\u00e9 fortalezas intelectuales podr\u00edan manifestar los ni\u00f1os autistas?<\/h3>\n    <p style=\"margin: 0; line-height: 1.7;\">El art\u00edculo destaca los talentos especializados, la concentraci\u00f3n intensa en intereses particulares, la s\u00f3lida memoria y el aprendizaje visual. Estas fortalezas difieren considerablemente de un ni\u00f1o a otro.<\/p>\n  <\/div>\n\n  <div style=\"padding: 0 2px;\">\n    <h3 style=\"margin: 0 0 8px 0; color: #0f2c5a; font-size: 18px; line-height: 1.4;\">\u00bfPuede la terapia ABA ayudar a un ni\u00f1o autista que est\u00e1 avanzado acad\u00e9micamente?<\/h3>\n    <p style=\"margin: 0; line-height: 1.7;\">La terapia ABA se puede personalizar en funci\u00f3n de las fortalezas y necesidades particulares de un ni\u00f1o. El tratamiento puede centrarse en la comunicaci\u00f3n, las habilidades sociales, las actividades de la vida diaria y otras habilidades apropiadas para ese ni\u00f1o.<\/p>\n  <\/div>\n<\/div>\n<\/div><\/div>\n<\/div><\/section>\n\n\n\n<p class=\"wp-block-paragraph\"><\/p>\n\n\n\n<h2>Referencias<\/h2>\n\n<ol>\n<li id=\"reference1\">\n<a href=\"https:\/\/www.nature.com\/articles\/mp201512\" target=\"_blank\" rel=\"noopener noreferrer\">\nEl riesgo polig\u00e9nico com\u00fan de los trastornos del espectro autista (TEA) se asocia con la capacidad cognitiva en la poblaci\u00f3n general\n<\/a>\n<\/li>\n\n<li id=\"reference2\">\n<a href=\"https:\/\/www.who.int\/news-room\/questions-and-answers\/item\/autism-spectrum-disorders-(asd)\" target=\"_blank\" rel=\"noopener noreferrer\">\nOrganizaci\u00f3n Mundial de la Salud \u2014 Autismo\n<\/a>\n<\/li>\n\n<li id=\"reference3\">\n<a href=\"https:\/\/www.cdc.gov\/mmwr\/volumes\/74\/ss\/ss7402a1.htm\" target=\"_blank\" rel=\"noopener noreferrer\">\nCDC \u2014 Prevalencia y caracter\u00edsticas del trastorno del espectro autista en ni\u00f1os de 4 y 8 a\u00f1os\n<\/a>\n<\/li>\n\n<li id=\"reference4\">\n<a href=\"https:\/\/www.psychiatry.org\/File%20Library\/Psychiatrists\/Practice\/DSM\/APA_DSM_Changes_from_DSM-IV-TR_-to_DSM-5.pdf\" target=\"_blank\" rel=\"noopener noreferrer\">\nAsociaci\u00f3n Americana de Psiquiatr\u00eda: Aspectos destacados de los cambios del DSM-IV-TR al DSM-5\n<\/a>\n<\/li>\n\n<li id=\"reference5\">\n<a href=\"https:\/\/www.nichd.nih.gov\/health\/topics\/autism\/conditioninfo\" target=\"_blank\" rel=\"noopener noreferrer\">\nNICHD \u2014 Acerca del autismo\n<\/a>\n<\/li>\n\n<li id=\"reference6\">\n<a href=\"https:\/\/www.nimh.nih.gov\/health\/publications\/autism-spectrum-disorder\" target=\"_blank\" rel=\"noopener noreferrer\">\nInstituto Nacional de Salud Mental \u2014 Trastorno del Espectro Autista\n<\/a>\n<\/li>\n\n<li id=\"reference7\">\n<a href=\"https:\/\/www.asha.org\/Practice-Portal\/Clinical-Topics\/Autism\/\" target=\"_blank\" rel=\"noopener noreferrer\">\nAsociaci\u00f3n Americana del Habla, Lenguaje y Audici\u00f3n: Autismo y Trastorno del Espectro Autista\n<\/a>\n<\/li>\n\n<li id=\"reference8\">\n<a href=\"https:\/\/www.nichd.nih.gov\/health\/topics\/autism\/conditioninfo\/treatments\" target=\"_blank\" rel=\"noopener noreferrer\">\nNICHD \u2014 Tratamientos para el trastorno del espectro autista\n<\/a>\n<\/li>\n<\/ol>","protected":false},"excerpt":{"rendered":"<p>A lot of research has been done in recent years on the connection between autism spectrum disorder (ASD) and intelligence. While there are still plenty of unanswered questions, much has been learned as well. Some studies have actually suggested that a positive correlation exists genetically between a risk for developing autism and a person\u2019s mental [&hellip;]<\/p>\n","protected":false},"author":10,"featured_media":46307,"comment_status":"closed","ping_status":"closed","sticky":false,"template":"template-single-blog.php","format":"standard","meta":{"footnotes":""},"categories":[42,46],"tags":[],"class_list":["post-42352","post","type-post","status-publish","format-standard","has-post-thumbnail","hentry","category-autism","category-blog"],"yoast_head":"<!-- This site is optimized with the Yoast SEO Premium plugin v28.3 (Yoast SEO v28.3) - https:\/\/yoast.com\/product\/yoast-seo-premium-wordpress\/ -->\n<title>Which Autism Makes You Smart? - Blue Gems ABA Therapy<\/title>\n<meta name=\"description\" content=\"People with autism are often thought to be smart or have unusual intellectual abilities. Learn more about how that intelligence can manifest itself.\" \/>\n<meta name=\"robots\" content=\"noindex, follow, max-snippet:-1, max-image-preview:large, max-video-preview:-1\" \/>\n<meta property=\"og:locale\" content=\"es_MX\" \/>\n<meta property=\"og:type\" content=\"article\" \/>\n<meta property=\"og:title\" content=\"Which Autism Makes You Smart?\" \/>\n<meta property=\"og:description\" content=\"People with autism are often thought to be smart or have unusual intellectual abilities. Learn more about how that intelligence can manifest itself.\" \/>\n<meta property=\"og:url\" content=\"https:\/\/bluegemsaba-ols-test.bycws.com\/es\/which-autism-makes-you-smart\/\" \/>\n<meta property=\"og:site_name\" content=\"Blue Gems ABA Therapy\" \/>\n<meta property=\"article:publisher\" content=\"https:\/\/www.facebook.com\/BlueGemsABA\/\" \/>\n<meta property=\"article:published_time\" content=\"2024-10-07T13:07:21+00:00\" \/>\n<meta property=\"article:modified_time\" content=\"2026-08-25T22:27:27+00:00\" \/>\n<meta property=\"og:image\" content=\"https:\/\/bluegemsaba-ols-test.bycws.com\/wp-content\/uploads\/2024\/10\/Which-Autism-Makes-You-Smart-1.png\" \/>\n\t<meta property=\"og:image:width\" content=\"1000\" \/>\n\t<meta property=\"og:image:height\" content=\"417\" \/>\n\t<meta property=\"og:image:type\" content=\"image\/png\" \/>\n<meta name=\"author\" content=\"nate\" \/>\n<meta name=\"twitter:card\" content=\"summary_large_image\" \/>\n<meta name=\"twitter:label1\" content=\"Written by\" \/>\n\t<meta name=\"twitter:data1\" content=\"nate\" \/>\n\t<meta name=\"twitter:label2\" content=\"Est. reading time\" \/>\n\t<meta name=\"twitter:data2\" content=\"7 minutes\" \/>\n<script type=\"application\/ld+json\" class=\"yoast-schema-graph\">{\"@context\":\"https:\\\/\\\/schema.org\",\"@graph\":[{\"@type\":\"Article\",\"@id\":\"https:\\\/\\\/bluegemsaba-ols-test.bycws.com\\\/which-autism-makes-you-smart\\\/#article\",\"isPartOf\":{\"@id\":\"https:\\\/\\\/bluegemsaba-ols-test.bycws.com\\\/which-autism-makes-you-smart\\\/\"},\"author\":{\"name\":\"nate\",\"@id\":\"https:\\\/\\\/bluegemsaba-ols-test.bycws.com\\\/#\\\/schema\\\/person\\\/faed0e697eb9223f8e22663a799973f5\"},\"headline\":\"Which Autism Makes You Smart?\",\"datePublished\":\"2024-10-07T13:07:21+00:00\",\"dateModified\":\"2026-08-25T22:27:27+00:00\",\"mainEntityOfPage\":{\"@id\":\"https:\\\/\\\/bluegemsaba-ols-test.bycws.com\\\/which-autism-makes-you-smart\\\/\"},\"wordCount\":1301,\"publisher\":{\"@id\":\"https:\\\/\\\/bluegemsaba-ols-test.bycws.com\\\/#organization\"},\"image\":{\"@id\":\"https:\\\/\\\/bluegemsaba-ols-test.bycws.com\\\/which-autism-makes-you-smart\\\/#primaryimage\"},\"thumbnailUrl\":\"https:\\\/\\\/bluegemsaba-ols-test.bycws.com\\\/wp-content\\\/uploads\\\/2024\\\/10\\\/Which-Autism-Makes-You-Smart-1.png\",\"articleSection\":[\"Autism\",\"Blog\"],\"inLanguage\":\"es-MX\"},{\"@type\":\"WebPage\",\"@id\":\"https:\\\/\\\/bluegemsaba-ols-test.bycws.com\\\/which-autism-makes-you-smart\\\/\",\"url\":\"https:\\\/\\\/bluegemsaba-ols-test.bycws.com\\\/which-autism-makes-you-smart\\\/\",\"name\":\"Which Autism Makes You Smart? - Blue Gems ABA Therapy\",\"isPartOf\":{\"@id\":\"https:\\\/\\\/bluegemsaba-ols-test.bycws.com\\\/#website\"},\"primaryImageOfPage\":{\"@id\":\"https:\\\/\\\/bluegemsaba-ols-test.bycws.com\\\/which-autism-makes-you-smart\\\/#primaryimage\"},\"image\":{\"@id\":\"https:\\\/\\\/bluegemsaba-ols-test.bycws.com\\\/which-autism-makes-you-smart\\\/#primaryimage\"},\"thumbnailUrl\":\"https:\\\/\\\/bluegemsaba-ols-test.bycws.com\\\/wp-content\\\/uploads\\\/2024\\\/10\\\/Which-Autism-Makes-You-Smart-1.png\",\"datePublished\":\"2024-10-07T13:07:21+00:00\",\"dateModified\":\"2026-08-25T22:27:27+00:00\",\"description\":\"People with autism are often thought to be smart or have unusual intellectual abilities. Learn more about how that intelligence can manifest itself.\",\"breadcrumb\":{\"@id\":\"https:\\\/\\\/bluegemsaba-ols-test.bycws.com\\\/which-autism-makes-you-smart\\\/#breadcrumb\"},\"inLanguage\":\"es-MX\",\"potentialAction\":[{\"@type\":\"ReadAction\",\"target\":[\"https:\\\/\\\/bluegemsaba-ols-test.bycws.com\\\/which-autism-makes-you-smart\\\/\"]}]},{\"@type\":\"ImageObject\",\"inLanguage\":\"es-MX\",\"@id\":\"https:\\\/\\\/bluegemsaba-ols-test.bycws.com\\\/which-autism-makes-you-smart\\\/#primaryimage\",\"url\":\"https:\\\/\\\/bluegemsaba-ols-test.bycws.com\\\/wp-content\\\/uploads\\\/2024\\\/10\\\/Which-Autism-Makes-You-Smart-1.png\",\"contentUrl\":\"https:\\\/\\\/bluegemsaba-ols-test.bycws.com\\\/wp-content\\\/uploads\\\/2024\\\/10\\\/Which-Autism-Makes-You-Smart-1.png\",\"width\":1000,\"height\":417},{\"@type\":\"BreadcrumbList\",\"@id\":\"https:\\\/\\\/bluegemsaba-ols-test.bycws.com\\\/which-autism-makes-you-smart\\\/#breadcrumb\",\"itemListElement\":[{\"@type\":\"ListItem\",\"position\":1,\"name\":\"Home\",\"item\":\"https:\\\/\\\/bluegemsaba-ols-test.bycws.com\\\/\"},{\"@type\":\"ListItem\",\"position\":2,\"name\":\"Which Autism Makes You Smart?\"}]},{\"@type\":\"WebSite\",\"@id\":\"https:\\\/\\\/bluegemsaba-ols-test.bycws.com\\\/#website\",\"url\":\"https:\\\/\\\/bluegemsaba-ols-test.bycws.com\\\/\",\"name\":\"Blue Gems ABA\",\"description\":\"ABA Therapy\",\"publisher\":{\"@id\":\"https:\\\/\\\/bluegemsaba-ols-test.bycws.com\\\/#organization\"},\"potentialAction\":[{\"@type\":\"SearchAction\",\"target\":{\"@type\":\"EntryPoint\",\"urlTemplate\":\"https:\\\/\\\/bluegemsaba-ols-test.bycws.com\\\/?s={search_term_string}\"},\"query-input\":{\"@type\":\"PropertyValueSpecification\",\"valueRequired\":true,\"valueName\":\"search_term_string\"}}],\"inLanguage\":\"es-MX\"},{\"@type\":[\"Organization\",\"Place\"],\"@id\":\"https:\\\/\\\/bluegemsaba-ols-test.bycws.com\\\/#organization\",\"name\":\"Blue Gems ABA\",\"url\":\"https:\\\/\\\/bluegemsaba-ols-test.bycws.com\\\/\",\"logo\":{\"@id\":\"https:\\\/\\\/bluegemsaba-ols-test.bycws.com\\\/which-autism-makes-you-smart\\\/#local-main-organization-logo\"},\"image\":{\"@id\":\"https:\\\/\\\/bluegemsaba-ols-test.bycws.com\\\/which-autism-makes-you-smart\\\/#local-main-organization-logo\"},\"sameAs\":[\"https:\\\/\\\/www.facebook.com\\\/BlueGemsABA\\\/\"],\"telephone\":[],\"openingHoursSpecification\":[{\"@type\":\"OpeningHoursSpecification\",\"dayOfWeek\":[\"Monday\",\"Tuesday\",\"Wednesday\",\"Thursday\",\"Friday\",\"Saturday\",\"Sunday\"],\"opens\":\"09:00\",\"closes\":\"17:00\"}]},{\"@type\":\"Person\",\"@id\":\"https:\\\/\\\/bluegemsaba-ols-test.bycws.com\\\/#\\\/schema\\\/person\\\/faed0e697eb9223f8e22663a799973f5\",\"name\":\"nate\",\"image\":{\"@type\":\"ImageObject\",\"inLanguage\":\"es-MX\",\"@id\":\"https:\\\/\\\/bluegemsaba-ols-test.bycws.com\\\/wp-content\\\/litespeed\\\/avatar\\\/4e5a83cd8a8341d103dc8e01e09a3b2c.jpg?ver=1788472772\",\"url\":\"https:\\\/\\\/bluegemsaba-ols-test.bycws.com\\\/wp-content\\\/litespeed\\\/avatar\\\/4e5a83cd8a8341d103dc8e01e09a3b2c.jpg?ver=1788472772\",\"contentUrl\":\"https:\\\/\\\/bluegemsaba-ols-test.bycws.com\\\/wp-content\\\/litespeed\\\/avatar\\\/4e5a83cd8a8341d103dc8e01e09a3b2c.jpg?ver=1788472772\",\"caption\":\"nate\"},\"url\":\"https:\\\/\\\/bluegemsaba-ols-test.bycws.com\\\/es\\\/author\\\/nate\\\/\"},{\"@type\":\"ImageObject\",\"inLanguage\":\"es-MX\",\"@id\":\"https:\\\/\\\/bluegemsaba-ols-test.bycws.com\\\/which-autism-makes-you-smart\\\/#local-main-organization-logo\",\"url\":\"https:\\\/\\\/bluegemsaba-ols-test.bycws.com\\\/wp-content\\\/uploads\\\/2026\\\/03\\\/blue-gems-aba-logo-1-v2.svg\",\"contentUrl\":\"https:\\\/\\\/bluegemsaba-ols-test.bycws.com\\\/wp-content\\\/uploads\\\/2026\\\/03\\\/blue-gems-aba-logo-1-v2.svg\",\"width\":405,\"height\":79,\"caption\":\"Blue Gems ABA\"}]}<\/script>\n<!-- \/ Yoast SEO Premium plugin. -->","yoast_head_json":{"title":"\u00bfQu\u00e9 autismo te hace inteligente? - Blue Gems ABA Therapy","description":"A menudo se piensa que las personas con autismo son inteligentes o tienen capacidades intelectuales fuera de lo com\u00fan. M\u00e1s informaci\u00f3n sobre c\u00f3mo puede manifestarse esa inteligencia.","robots":{"index":"noindex","follow":"follow","max-snippet":"max-snippet:-1","max-image-preview":"max-image-preview:large","max-video-preview":"max-video-preview:-1"},"og_locale":"es_MX","og_type":"article","og_title":"Which Autism Makes You Smart?","og_description":"People with autism are often thought to be smart or have unusual intellectual abilities. Learn more about how that intelligence can manifest itself.","og_url":"https:\/\/bluegemsaba-ols-test.bycws.com\/es\/which-autism-makes-you-smart\/","og_site_name":"Blue Gems ABA Therapy","article_publisher":"https:\/\/www.facebook.com\/BlueGemsABA\/","article_published_time":"2024-10-07T13:07:21+00:00","article_modified_time":"2026-08-25T22:27:27+00:00","og_image":[{"width":1000,"height":417,"url":"https:\/\/bluegemsaba-ols-test.bycws.com\/wp-content\/uploads\/2024\/10\/Which-Autism-Makes-You-Smart-1.png","type":"image\/png"}],"author":"nate","twitter_card":"summary_large_image","twitter_misc":{"Written by":"nate","Est. reading time":"7 minutes"},"schema":{"@context":"https:\/\/schema.org","@graph":[{"@type":"Article","@id":"https:\/\/bluegemsaba-ols-test.bycws.com\/which-autism-makes-you-smart\/#article","isPartOf":{"@id":"https:\/\/bluegemsaba-ols-test.bycws.com\/which-autism-makes-you-smart\/"},"author":{"name":"nate","@id":"https:\/\/bluegemsaba-ols-test.bycws.com\/#\/schema\/person\/faed0e697eb9223f8e22663a799973f5"},"headline":"Which Autism Makes You Smart?","datePublished":"2024-10-07T13:07:21+00:00","dateModified":"2026-08-25T22:27:27+00:00","mainEntityOfPage":{"@id":"https:\/\/bluegemsaba-ols-test.bycws.com\/which-autism-makes-you-smart\/"},"wordCount":1301,"publisher":{"@id":"https:\/\/bluegemsaba-ols-test.bycws.com\/#organization"},"image":{"@id":"https:\/\/bluegemsaba-ols-test.bycws.com\/which-autism-makes-you-smart\/#primaryimage"},"thumbnailUrl":"https:\/\/bluegemsaba-ols-test.bycws.com\/wp-content\/uploads\/2024\/10\/Which-Autism-Makes-You-Smart-1.png","articleSection":["Autism","Blog"],"inLanguage":"es-MX"},{"@type":"WebPage","@id":"https:\/\/bluegemsaba-ols-test.bycws.com\/which-autism-makes-you-smart\/","url":"https:\/\/bluegemsaba-ols-test.bycws.com\/which-autism-makes-you-smart\/","name":"\u00bfQu\u00e9 autismo te hace inteligente? - Blue Gems ABA Therapy","isPartOf":{"@id":"https:\/\/bluegemsaba-ols-test.bycws.com\/#website"},"primaryImageOfPage":{"@id":"https:\/\/bluegemsaba-ols-test.bycws.com\/which-autism-makes-you-smart\/#primaryimage"},"image":{"@id":"https:\/\/bluegemsaba-ols-test.bycws.com\/which-autism-makes-you-smart\/#primaryimage"},"thumbnailUrl":"https:\/\/bluegemsaba-ols-test.bycws.com\/wp-content\/uploads\/2024\/10\/Which-Autism-Makes-You-Smart-1.png","datePublished":"2024-10-07T13:07:21+00:00","dateModified":"2026-08-25T22:27:27+00:00","description":"A menudo se piensa que las personas con autismo son inteligentes o tienen capacidades intelectuales fuera de lo com\u00fan. M\u00e1s informaci\u00f3n sobre c\u00f3mo puede manifestarse esa inteligencia.","breadcrumb":{"@id":"https:\/\/bluegemsaba-ols-test.bycws.com\/which-autism-makes-you-smart\/#breadcrumb"},"inLanguage":"es-MX","potentialAction":[{"@type":"ReadAction","target":["https:\/\/bluegemsaba-ols-test.bycws.com\/which-autism-makes-you-smart\/"]}]},{"@type":"ImageObject","inLanguage":"es-MX","@id":"https:\/\/bluegemsaba-ols-test.bycws.com\/which-autism-makes-you-smart\/#primaryimage","url":"https:\/\/bluegemsaba-ols-test.bycws.com\/wp-content\/uploads\/2024\/10\/Which-Autism-Makes-You-Smart-1.png","contentUrl":"https:\/\/bluegemsaba-ols-test.bycws.com\/wp-content\/uploads\/2024\/10\/Which-Autism-Makes-You-Smart-1.png","width":1000,"height":417},{"@type":"BreadcrumbList","@id":"https:\/\/bluegemsaba-ols-test.bycws.com\/which-autism-makes-you-smart\/#breadcrumb","itemListElement":[{"@type":"ListItem","position":1,"name":"Home","item":"https:\/\/bluegemsaba-ols-test.bycws.com\/"},{"@type":"ListItem","position":2,"name":"Which Autism Makes You Smart?"}]},{"@type":"WebSite","@id":"https:\/\/bluegemsaba-ols-test.bycws.com\/#website","url":"https:\/\/bluegemsaba-ols-test.bycws.com\/","name":"Blue Gems ABA","description":"Terapia ABA","publisher":{"@id":"https:\/\/bluegemsaba-ols-test.bycws.com\/#organization"},"potentialAction":[{"@type":"SearchAction","target":{"@type":"EntryPoint","urlTemplate":"https:\/\/bluegemsaba-ols-test.bycws.com\/?s={search_term_string}"},"query-input":{"@type":"PropertyValueSpecification","valueRequired":true,"valueName":"search_term_string"}}],"inLanguage":"es-MX"},{"@type":["Organization","Place"],"@id":"https:\/\/bluegemsaba-ols-test.bycws.com\/#organization","name":"Blue Gems ABA","url":"https:\/\/bluegemsaba-ols-test.bycws.com\/","logo":{"@id":"https:\/\/bluegemsaba-ols-test.bycws.com\/which-autism-makes-you-smart\/#local-main-organization-logo"},"image":{"@id":"https:\/\/bluegemsaba-ols-test.bycws.com\/which-autism-makes-you-smart\/#local-main-organization-logo"},"sameAs":["https:\/\/www.facebook.com\/BlueGemsABA\/"],"telephone":[],"openingHoursSpecification":[{"@type":"OpeningHoursSpecification","dayOfWeek":["Monday","Tuesday","Wednesday","Thursday","Friday","Saturday","Sunday"],"opens":"09:00","closes":"17:00"}]},{"@type":"Person","@id":"https:\/\/bluegemsaba-ols-test.bycws.com\/#\/schema\/person\/faed0e697eb9223f8e22663a799973f5","name":"nate","image":{"@type":"ImageObject","inLanguage":"es-MX","@id":"https:\/\/bluegemsaba-ols-test.bycws.com\/wp-content\/litespeed\/avatar\/4e5a83cd8a8341d103dc8e01e09a3b2c.jpg?ver=1788472772","url":"https:\/\/bluegemsaba-ols-test.bycws.com\/wp-content\/litespeed\/avatar\/4e5a83cd8a8341d103dc8e01e09a3b2c.jpg?ver=1788472772","contentUrl":"https:\/\/bluegemsaba-ols-test.bycws.com\/wp-content\/litespeed\/avatar\/4e5a83cd8a8341d103dc8e01e09a3b2c.jpg?ver=1788472772","caption":"nate"},"url":"https:\/\/bluegemsaba-ols-test.bycws.com\/es\/author\/nate\/"},{"@type":"ImageObject","inLanguage":"es-MX","@id":"https:\/\/bluegemsaba-ols-test.bycws.com\/which-autism-makes-you-smart\/#local-main-organization-logo","url":"https:\/\/bluegemsaba-ols-test.bycws.com\/wp-content\/uploads\/2026\/03\/blue-gems-aba-logo-1-v2.svg","contentUrl":"https:\/\/bluegemsaba-ols-test.bycws.com\/wp-content\/uploads\/2026\/03\/blue-gems-aba-logo-1-v2.svg","width":405,"height":79,"caption":"Blue Gems ABA"}]}},"_links":{"self":[{"href":"https:\/\/bluegemsaba-ols-test.bycws.com\/es\/wp-json\/wp\/v2\/posts\/42352","targetHints":{"allow":["GET"]}}],"collection":[{"href":"https:\/\/bluegemsaba-ols-test.bycws.com\/es\/wp-json\/wp\/v2\/posts"}],"about":[{"href":"https:\/\/bluegemsaba-ols-test.bycws.com\/es\/wp-json\/wp\/v2\/types\/post"}],"author":[{"embeddable":true,"href":"https:\/\/bluegemsaba-ols-test.bycws.com\/es\/wp-json\/wp\/v2\/users\/10"}],"replies":[{"embeddable":true,"href":"https:\/\/bluegemsaba-ols-test.bycws.com\/es\/wp-json\/wp\/v2\/comments?post=42352"}],"version-history":[{"count":4,"href":"https:\/\/bluegemsaba-ols-test.bycws.com\/es\/wp-json\/wp\/v2\/posts\/42352\/revisions"}],"predecessor-version":[{"id":46308,"href":"https:\/\/bluegemsaba-ols-test.bycws.com\/es\/wp-json\/wp\/v2\/posts\/42352\/revisions\/46308"}],"wp:featuredmedia":[{"embeddable":true,"href":"https:\/\/bluegemsaba-ols-test.bycws.com\/es\/wp-json\/wp\/v2\/media\/46307"}],"wp:attachment":[{"href":"https:\/\/bluegemsaba-ols-test.bycws.com\/es\/wp-json\/wp\/v2\/media?parent=42352"}],"wp:term":[{"taxonomy":"category","embeddable":true,"href":"https:\/\/bluegemsaba-ols-test.bycws.com\/es\/wp-json\/wp\/v2\/categories?post=42352"},{"taxonomy":"post_tag","embeddable":true,"href":"https:\/\/bluegemsaba-ols-test.bycws.com\/es\/wp-json\/wp\/v2\/tags?post=42352"}],"curies":[{"name":"wp","href":"https:\/\/api.w.org\/{rel}","templated":true}]}}